{"id":291,"date":"2024-04-15T18:50:02","date_gmt":"2024-04-15T16:50:02","guid":{"rendered":"https:\/\/ramtai.de\/?p=291"},"modified":"2024-07-01T22:03:36","modified_gmt":"2024-07-01T20:03:36","slug":"16-juni-zusatztermin-fuer-ramtai-beim-dorstener-chorfestival","status":"publish","type":"post","link":"https:\/\/ramtai.de\/lv\/2024\/04\/15\/16-juni-zusatztermin-fuer-ramtai-beim-dorstener-chorfestival\/","title":{"rendered":"16. j\u016bnijs: papildus datums Ramtai Dorstenes koru festiv\u0101l\u0101"},"content":{"rendered":"<p class=\"wp-block-paragraph translation-block\">Dorstenes koru festiv\u0101ls svin savu 10. dzim\u0161anas dienu Vecpils\u0113tas festiv\u0101la 2024 ietvaros - <strong>un ir iepl\u0101nojis Ramtai papildus pas\u0101kumu! 16. j\u016bnij\u0101 m\u0113s dzied\u0101sim plkst. 12.15 uzreiz p\u0113c dievkalpojuma <a href=\"https:\/\/ramtai.de\/termine\/\" data-type=\"page\" data-id=\"70\" target=\"_self\">Sv\u0113t\u0101s Agatas bazn\u012bc\u0101 Dorstenas vecpils\u0113t\u0101.<\/a><\/strong><\/p>\n\n\n\n<p class=\"wp-block-paragraph\">Interesenti var apmekl\u0113t jau dienu iepriek\u0161 ar\u012b citus Dorstenes koru festiv\u0101la koncertus: 2024. gada 15. j\u016bnij\u0101 (sestdien) no plkst. 17.00 l\u012bdz 19.00. \u0160ogad atk\u0101rtoti piedal\u012bsies visas \u010detras vecpils\u0113tas bazn\u012bcas, pied\u0101v\u0101jot izklaid\u0113jo\u0161u \u201cpastaigu koncertu\u201d, proti, kori paliks sav\u0101 atra\u0161an\u0101s viet\u0101, bet klaus\u012bt\u0101ji pastaig\u0101sies no bazn\u012bcas uz bazn\u012bcu. Sv\u0113t\u0101s Agatas bazn\u012bca, Ursulinen bazn\u012bca, protestantu Sv\u0113t\u0101 J\u0101\u0146a bazn\u012bca un francisk\u0101\u0146u Sv\u0113t\u0101s Annas bazn\u012bca viesm\u012bl\u012bgi pied\u0101v\u0101 savas telpas burv\u012bgam koru dzied\u0101jumam. \u012aso koncertu s\u0101kuma laiki bazn\u012bc\u0101s ir plkst. 17.00, 17.30, 18.00 un 18.30. Ieeja koncertos klaus\u012bt\u0101jiem ir bez maksas.<\/p>\n\n\n\n<p class=\"wp-block-paragraph\">N\u0101ciet l\u012bdzi - m\u0113s ar nepaciet\u012bbu gaid\u0101m J\u016bs! <\/p>\n\n\n\n<p class=\"wp-block-paragraph translation-block\">Pla\u0161\u0101ku inform\u0101ciju par Dorstenes koru festiv\u0101lu var atrast <a href=\"https:\/\/dorsten-online.de\/event\/dorstener-chorfestival\/\" target=\"_self\">\u0161eit<\/a> un soci\u0101laj\u0101 t\u012bkl\u0101 <a href=\"https:\/\/www.facebook.com\/search\/top?q=dorstenerchorfestival\" target=\"_self\">Facebook.<\/a>\ud83d\ude09<\/p>","protected":false},"excerpt":{"rendered":"<p>Dorstenes koru festiv\u0101ls svin savu 10. dzim\u0161anas dienu Vecpils\u0113tas festiv\u0101la 2024 ietvaros - un ir iepl\u0101nojis Ramtai papildus pas\u0101kumu! 16. j\u016bnij\u0101 m\u0113s dzied\u0101sim plkst. 12.15 uzreiz p\u0113c dievkalpojuma Sv\u0113t\u0101s Agatas bazn\u012bc\u0101 Dorstenas vecpils\u0113t\u0101. <a href=\"https:\/\/ramtai.de\/lv\/2024\/04\/15\/16-juni-zusatztermin-fuer-ramtai-beim-dorstener-chorfestival\/\" class=\"more-link\">Turpin\u0101t las\u012bt <span class=\"screen-reader-text\">16. j\u016bnijs: papildus datums Ramtai Dorstenes koru festiv\u0101l\u0101<\/span><\/a><\/p>","protected":false},"author":246161285,"featured_media":328,"comment_status":"open","ping_status":"open","sticky":false,"template":"","format":"standard","meta":{"_crdt_document":"","advanced_seo_description":"","jetpack_seo_html_title":"","jetpack_seo_noindex":false,"_jetpack_newsletter_access":"","_jetpack_dont_email_post_to_subs":false,"_jetpack_newsletter_tier_id":0,"_jetpack_memberships_contains_paywalled_content":false,"_jetpack_memberships_contains_paid_content":false,"footnotes":"","jetpack_publicize_message":"","jetpack_publicize_feature_enabled":true,"jetpack_social_post_already_shared":true,"jetpack_social_options":{"image_generator_settings":{"template":"highway","default_image_id":0,"font":"","enabled":false},"version":2},"_wpas_customize_per_network":false,"jetpack_post_was_ever_published":false},"categories":[2710],"tags":[],"class_list":["post-291","post","type-post","status-publish","format-standard","has-post-thumbnail","hentry","category-allgemein","without-featured-image"],"jetpack_publicize_connections":[],"jetpack_featured_media_url":"https:\/\/i0.wp.com\/ramtai.de\/wp-content\/uploads\/2024\/04\/Chorfestival-Dorsten_Logo-2978089162-e1713208641639.jpg?fit=1198%2C673&ssl=1","jetpack_likes_enabled":true,"jetpack_sharing_enabled":true,"jetpack_shortlink":"https:\/\/wp.me\/pfuJpM-4H","jetpack-related-posts":[],"_links":{"self":[{"href":"https:\/\/ramtai.de\/lv\/wp-json\/wp\/v2\/posts\/291","targetHints":{"allow":["GET"]}}],"collection":[{"href":"https:\/\/ramtai.de\/lv\/wp-json\/wp\/v2\/posts"}],"about":[{"href":"https:\/\/ramtai.de\/lv\/wp-json\/wp\/v2\/types\/post"}],"author":[{"embeddable":true,"href":"https:\/\/ramtai.de\/lv\/wp-json\/wp\/v2\/users\/246161285"}],"replies":[{"embeddable":true,"href":"https:\/\/ramtai.de\/lv\/wp-json\/wp\/v2\/comments?post=291"}],"version-history":[{"count":16,"href":"https:\/\/ramtai.de\/lv\/wp-json\/wp\/v2\/posts\/291\/revisions"}],"predecessor-version":[{"id":384,"href":"https:\/\/ramtai.de\/lv\/wp-json\/wp\/v2\/posts\/291\/revisions\/384"}],"wp:featuredmedia":[{"embeddable":true,"href":"https:\/\/ramtai.de\/lv\/wp-json\/wp\/v2\/media\/328"}],"wp:attachment":[{"href":"https:\/\/ramtai.de\/lv\/wp-json\/wp\/v2\/media?parent=291"}],"wp:term":[{"taxonomy":"category","embeddable":true,"href":"https:\/\/ramtai.de\/lv\/wp-json\/wp\/v2\/categories?post=291"},{"taxonomy":"post_tag","embeddable":true,"href":"https:\/\/ramtai.de\/lv\/wp-json\/wp\/v2\/tags?post=291"}],"curies":[{"name":"wp","href":"https:\/\/api.w.org\/{rel}","templated":true}]}}